{"id":29624,"date":"2026-09-04T07:43:57","date_gmt":"2026-09-04T05:43:57","guid":{"rendered":"https:\/\/afsafrica.org\/blog\/hommage-a-sena-alouka-un-don-de-dieu\/"},"modified":"2026-09-04T07:49:49","modified_gmt":"2026-09-04T05:49:49","slug":"hommage-a-sena-alouka-un-don-de-dieu","status":"publish","type":"post","link":"https:\/\/afsafrica.org\/fr\/blog\/hommage-a-sena-alouka-un-don-de-dieu\/","title":{"rendered":"Hommage \u00e0 Sena Alouka : un don de Dieu"},"content":{"rendered":"\t\t<div data-elementor-type=\"wp-post\" data-elementor-id=\"29624\" class=\"elementor elementor-29624 elementor-29619\" data-elementor-post-type=\"post\">\n\t\t\t\t<div class=\"elementor-element elementor-element-35e8e00 e-con-full e-flex e-con e-parent\" data-id=\"35e8e00\" data-element_type=\"container\" data-e-type=\"container\">\n\t\t\t\t<div class=\"elementor-element elementor-element-d22323c elementor-widget elementor-widget-heading\" data-id=\"d22323c\" data-element_type=\"widget\" data-e-type=\"widget\" data-widget_type=\"heading.default\">\n\t\t\t\t\t<h2 class=\"elementor-heading-title elementor-size-default\">\u00ab Cet homme a men\u00e9 une vie bien remplie et heureuse. Il \u00e9tait profond\u00e9ment convaincu qu\u2019il pouvait changer le monde \u2014 et c\u2019est ce qu\u2019il a fait. \u00bb <\/h2>\t\t\t\t<\/div>\n\t\t\t\t<\/div>\n\t\t<div class=\"elementor-element elementor-element-2177a00 e-flex e-con-boxed e-con e-parent\" data-id=\"2177a00\" data-element_type=\"container\" data-e-type=\"container\">\n\t\t\t\t\t<div class=\"e-con-inner\">\n\t\t\t\t<div class=\"elementor-element elementor-element-e02a7f7 elementor-widget elementor-widget-text-editor\" data-id=\"e02a7f7\" data-element_type=\"widget\" data-e-type=\"widget\" data-widget_type=\"text-editor.default\">\n\t\t\t\t\t\t\t\t\t<p><span style=\"color: #000080;\">L\u2019Alliance pour la souverainet\u00e9 alimentaire en Afrique (AFSA) et l\u2019ensemble de notre communaut\u00e9 sont sous le choc et profond\u00e9ment attrist\u00e9s par le d\u00e9c\u00e8s soudain de Sena Alouka, directrice g\u00e9n\u00e9rale de l\u2019association \u00ab Jeunes Volontaires pour l\u2019Environnement \u00bb (JVE-Togo) et pr\u00e9sidente fondatrice du groupe de travail \u00ab Climat et agro\u00e9cologie \u00bb de l\u2019AFSA.<\/span><\/p><p><span style=\"color: #000080;\"><strong>Le r\u00e9v\u00e9rend Thomas Tolbert Jallah, pr\u00e9sident de l\u2019AFSA, a d\u00e9clar\u00e9 : <\/strong><span style=\"color: #800080;\"><em>\u00ab Sena \u00e9tait un mentor, une source d\u2019inspiration et un guide \u2014 l\u2019un des piliers sur lesquels l\u2019AFSA a \u00e9t\u00e9 fond\u00e9e. Au nom des jeunes qu\u2019il consid\u00e9rait comme ses enfants, des agriculteurs dont il s\u2019est battu pour prot\u00e9ger les terres, des p\u00eacheurs dont il a d\u00e9fendu les rivi\u00e8res et des \u00e9leveurs dont il consid\u00e9rait les terres comme sacr\u00e9es, nous le pleurons le c\u0153ur bris\u00e9. \u00bb<\/em><\/span><\/span><\/p><p><span style=\"color: #000080;\">Sena nous disait souvent que son nom signifiait \u00ab cadeau de Dieu \u00bb. Sa m\u00e8re, Dav\u00e9, avait pri\u00e9 pour avoir une fille et avait re\u00e7u \u00e0 la place un fils qui allait devenir le p\u00e8re d\u2019un continent. Il \u00e9tait bel et bien un don. Pendant plus de deux d\u00e9cennies, il s\u2019est consacr\u00e9 \u00e0 l\u2019environnement, au climat, \u00e0 la biodiversit\u00e9, \u00e0 l\u2019alimentation et \u00e0 la culture de l\u2019Afrique \u2014 et, par-dessus tout, \u00e0 ses jeunes, appelant g\u00e9n\u00e9ration apr\u00e8s g\u00e9n\u00e9ration \u00e0 se lever, \u00e0 apprendre et \u00e0 diriger.   <\/span><\/p><p><span style=\"color: #000080;\">L\u2019\u0153uvre de sa vie a pris naissance lors d\u2019un incendie survenu en 1999 sur une montagne surplombant son village natal de Kp\u00e9l\u00e9 Tsiko. Toute la communaut\u00e9 s\u2019est mobilis\u00e9e pour lutter contre le feu, revenant les mains charg\u00e9es de manioc et d\u2019ignames calcin\u00e9s \u2014 et avec une flamme nouvelle qui br\u00fblait au fond du c\u0153ur de Sena. C\u2019est \u00e0 partir de ces cendres, sans argent ni plan d\u2019action, qu\u2019il a fond\u00e9 l\u2019association \u00ab Jeunes Volontaires pour l\u2019Environnement \u00bb. Ce qui a commenc\u00e9 par des enfants cultivant des jeunes plants d\u2019arbres dans un petit village togolais s\u2019est transform\u00e9 en l\u2019un des plus grands mouvements environnementaux men\u00e9s par des jeunes en Afrique, d\u00e9sormais pr\u00e9sent dans plus de trente pays.   <\/span><\/p><p><span style=\"color: #000080;\"><span style=\"color: #800080;\"><em>\u00ab Sena Alouka \u00e9tait un leader hors du commun. Il a redonn\u00e9 un nouveau souffle au b\u00e9n\u00e9volat et au militantisme des jeunes en faveur de l\u2019environnement, de la biodiversit\u00e9, de la culture et des savoirs autochtones en Afrique, \u00e0 une \u00e9poque o\u00f9 rares \u00e9taient ceux qui croyaient que les jeunes pouvaient mener ce combat. Il a jou\u00e9 un r\u00f4le d\u00e9terminant dans la cr\u00e9ation du groupe de travail \u00ab Agro\u00e9cologie et climat \u00bb de l\u2019AFSA, et c\u2019est lui qui a insist\u00e9, \u00e0 maintes reprises, pour que nous mettions en place notre propre groupe de travail des jeunes. Il \u00e9tait un moteur du changement, toujours \u00e0 la recherche de nouvelles opportunit\u00e9s, repoussant les limites du possible pour la jeunesse africaine et faisant \u00e9voluer les mentalit\u00e9s vers une vie proactive et porteuse d\u2019impact. Sa disparition laisse un vide immense dans le militantisme des jeunes \u00e0 travers ce continent \u2014 un chagrin que nous ressentons profond\u00e9ment aujourd\u2019hui. Mais son h\u00e9ritage ne sera pas enterr\u00e9 avec lui. Nous le ferons vivre et veillerons \u00e0 ce qu\u2019il soit c\u00e9l\u00e9br\u00e9 tant que ce mouvement existera. \u00bb<\/em><\/span><strong><span style=\"color: #800080;\"> <\/span> \u2014 Dr Million Belay, coordinateur g\u00e9n\u00e9ral de l\u2019AFSA<\/strong><\/span><\/p><p><span style=\"color: #000080;\">Panafricaniste in\u00e9branlable, Sena puisait sa force dans les figures de proue de la lib\u00e9ration de l\u2019Afrique et portait l\u2019histoire du continent avec une passion extraordinaire. Il comprenait qu\u2019un mouvement sans m\u00e9moire est un mouvement sans orientation, et il rappelait sans cesse aux jeunes que la lutte inachev\u00e9e de l\u2019Afrique pour la dignit\u00e9 leur incombait d\u00e9sormais de la poursuivre. <\/span><\/p><p><span style=\"color: #000080;\">Son influence s\u2019\u00e9tendait bien au-del\u00e0 du Togo. Il a pr\u00e9sid\u00e9 le groupe de travail \u00ab Climat et agro\u00e9cologie \u00bb de l\u2019Alliance pour la souverainet\u00e9 alimentaire en Afrique ; a occup\u00e9 le poste de facilitateur du groupe de travail \u00ab \u00c9nergie \u00bb de CAN International ; et a \u00e9t\u00e9 conseiller strat\u00e9gique aupr\u00e8s de l\u2019Alliance mondiale pour l\u2019avenir de l\u2019alimentation, administrateur du R\u00e9seau africain pour la biodiversit\u00e9 et coordinateur mondial du programme de nutrition ICON d\u2019Ashoka Afrique \u2014 tout en assumant le r\u00f4le de parrain de l\u2019Acad\u00e9mie des jeunes n\u00e9gociateurs environnementaux et en accompagnant la g\u00e9n\u00e9ration m\u00eame \u00e0 laquelle il confie aujourd\u2019hui le flambeau. En 2014, Ashoka l\u2019a nomm\u00e9 \u00ab Fellow \u00bb parmi les acteurs du changement \u00e0 l\u2019\u00e9chelle mondiale, douze ans apr\u00e8s que le Prix UICN-Reuters eut pour la premi\u00e8re fois mis en avant sa voix en tant que jeune journaliste environnemental. Mais il \u00e9tait d\u00e9j\u00e0 un acteur du changement d\u00e8s son adolescence, lorsqu\u2019il a construit une station de radio communautaire \u00e0 partir d\u2019une batterie de voiture et de ferraille pos\u00e9e sur un toit en t\u00f4le, qu\u2019il a baptis\u00e9e \u00ab Radio Hakuna Matata \u00bb.   <\/span><\/p><p><span style=\"color: #000080;\">Sena a \u00e9galement \u00e9t\u00e9 \u00e0 l\u2019origine de la cr\u00e9ation de YOUNGO, le groupe de jeunes officiel des n\u00e9gociations des Nations Unies sur le climat. Apr\u00e8s s\u2019\u00eatre retrouv\u00e9 seul repr\u00e9sentant africain francophone lors d\u2019une r\u00e9union \u00e0 Montr\u00e9al en 2005, il s\u2019est promis que cela ne se reproduirait plus jamais. L\u2019ann\u00e9e suivante, il a contribu\u00e9 \u00e0 la cr\u00e9ation de l\u2019Initiative des jeunes africains sur le changement climatique et a ensuite guid\u00e9 des g\u00e9n\u00e9rations de jeunes Africains vers les instances politiques internationales dont ils avaient longtemps \u00e9t\u00e9 exclus. Il n\u2019y a pratiquement aucun jeune leader africain engag\u00e9 dans la lutte contre le changement climatique aujourd\u2019hui qui ne doive une partie de son parcours \u00e0 son soutien.   <\/span><\/p><p><span style=\"color: #000080;\">Sena faisait partie de ces rares dirigeants dont les actes \u00e9taient aussi percutants que les paroles : un d\u00e9fenseur charismatique qui s\u2019exprimait avec audace tout en agissant avec une d\u00e9termination sans faille, transformant ainsi ses convictions en r\u00e9alit\u00e9. Son action militante a permis au Togo de rejeter une loi nationale sur l\u2019\u00e9nergie qui aurait ancr\u00e9 le charbon et le nucl\u00e9aire dans le pays, et de devenir le premier pays au monde \u00e0 interdire le glyphosate. Bien avant que l\u2019agro\u00e9cologie ne soit largement connue, il en a fait la cause, la pr\u00e9sentant comme une sagesse intrins\u00e8quement africaine h\u00e9rit\u00e9e de nos anc\u00eatres. Il a pers\u00e9v\u00e9r\u00e9 jusqu\u2019\u00e0 ce qu\u2019elle fasse partie int\u00e9grante de la strat\u00e9gie nationale du Togo \u2014 non pas parce qu\u2019il pr\u00e9tendait l\u2019avoir invent\u00e9e, mais parce qu\u2019il refusait de laisser le monde oublier qu\u2019elle \u00e9tait d\u00e9j\u00e0 la n\u00f4tre.   <\/span><\/p><p><span style=\"color: #000080;\">Ceux qui ont connu Sena se souviendront d\u2019un personnage hors du commun : un homme qui affichait ouvertement sa passion et dont la pr\u00e9sence imposante suffisait \u00e0 remplir une pi\u00e8ce. Ses discours \u00e9taient positifs et vivants, parfois bruyants et audacieux, mais jamais, au grand jamais, ennuyeux. Il \u00e9tait connu pour son humour si particulier, son talent de conteur et sa personnalit\u00e9 v\u00e9ritablement captivante. Pourtant, derri\u00e8re ce visage souriant et rayonnant se cachait un s\u00e9rieux plus discret : celui d\u2019un militant farouchement pragmatique, capable de galvaniser, de mobiliser, d\u2019organiser et de diriger avec une fougue qui donnait de l\u2019importance \u00e0 chaque instant.   <\/span><\/p><p><span style=\"color: #800080;\">Sena souhaitait qu\u2019une seule phrase soit grav\u00e9e sur sa pierre tombale : <em>\u00ab Cet homme a v\u00e9cu pleinement et dans le bonheur. Il \u00e9tait fermement convaincu qu\u2019il pouvait changer le monde \u2014 et c\u2019est ce qu\u2019il a fait. \u00bb<\/em><\/span><\/p><p><span style=\"color: #000080;\">Une for\u00eat ne se tait pas lorsqu\u2019un grand arbre tombe. Elle se d\u00e9veloppe autour de l\u2019espace qu\u2019il laisse derri\u00e8re lui\u2026 et elle se souvient. Nous sommes cette for\u00eat.  <\/span><\/p><p><span style=\"color: #000080;\">Reposez-vous d\u00e9sormais, Papa Sena, dans cette terre que vous avez pass\u00e9 toute une vie \u00e0 remettre en \u00e9tat. Nous entretiendrons la flamme que vous avez allum\u00e9e. Nous continuerons \u00e0 planter, m\u00eame les arbres dont nous ne pourrons peut-\u00eatre jamais manger les fruits, exactement comme vous nous l&rsquo;avez enseign\u00e9.  <\/span><\/p><p style=\"text-align: center;\"><strong><span style=\"color: #800080;\"><em>Sena \u2014 un cadeau de Dieu \u2014 merci d\u2019\u00eatre \u00e0 nous.<\/em><\/span><\/strong><\/p><p style=\"text-align: center;\"><strong><span style=\"color: #800080;\"><em>Le c\u0153ur bris\u00e9, mais la d\u00e9termination intacte,<\/em><\/span><\/strong><\/p><p style=\"text-align: center;\"><strong><span style=\"color: #800080;\"><em>Reposez en paix, Papa Sena.<\/em><\/span><\/strong><\/p>\t\t\t\t\t\t\t\t<\/div>\n\t\t\t\t\t<\/div>\n\t\t\t\t<\/div>\n\t\t\t\t<\/div>\n\t\t","protected":false},"excerpt":{"rendered":"<p>\u00ab Cet homme a men\u00e9 une vie bien remplie et heureuse. Il \u00e9tait profond\u00e9ment convaincu qu\u2019il pouvait changer le monde [&hellip;]<\/p>\n","protected":false},"author":2,"featured_media":29625,"comment_status":"closed","ping_status":"closed","sticky":false,"template":"","format":"standard","meta":{"_uf_show_specific_survey":0,"_uf_disable_surveys":false,"site-sidebar-layout":"default","site-content-layout":"","ast-site-content-layout":"default","site-content-style":"default","site-sidebar-style":"default","ast-global-header-display":"","ast-banner-title-visibility":"","ast-main-header-display":"","ast-hfb-above-header-display":"","ast-hfb-below-header-display":"","ast-hfb-mobile-header-display":"","site-post-title":"","ast-breadcrumbs-content":"","ast-featured-img":"","footer-sml-layout":"","ast-disable-related-posts":"","theme-transparent-header-meta":"","adv-header-id-meta":"","stick-header-meta":"","header-above-stick-meta":"","header-main-stick-meta":"","header-below-stick-meta":"","astra-migrate-meta-layouts":"default","ast-page-background-enabled":"default","ast-page-background-meta":{"desktop":{"background-color":"var(--ast-global-color-5)","background-image":"","background-repeat":"repeat","background-position":"center center","background-size":"auto","background-attachment":"scroll","background-type":"","background-media":"","overlay-type":"","overlay-color":"","overlay-opacity":"","overlay-gradient":""},"tablet":{"background-color":"","background-image":"","background-repeat":"repeat","background-position":"center center","background-size":"auto","background-attachment":"scroll","background-type":"","background-media":"","overlay-type":"","overlay-color":"","overlay-opacity":"","overlay-gradient":""},"mobile":{"background-color":"","background-image":"","background-repeat":"repeat","background-position":"center center","background-size":"auto","background-attachment":"scroll","background-type":"","background-media":"","overlay-type":"","overlay-color":"","overlay-opacity":"","overlay-gradient":""}},"ast-content-background-meta":{"desktop":{"background-color":"var(--ast-global-color-4)","background-image":"","background-repeat":"repeat","background-position":"center center","background-size":"auto","background-attachment":"scroll","background-type":"","background-media":"","overlay-type":"","overlay-color":"","overlay-opacity":"","overlay-gradient":""},"tablet":{"background-color":"var(--ast-global-color-4)","background-image":"","background-repeat":"repeat","background-position":"center center","background-size":"auto","background-attachment":"scroll","background-type":"","background-media":"","overlay-type":"","overlay-color":"","overlay-opacity":"","overlay-gradient":""},"mobile":{"background-color":"var(--ast-global-color-4)","background-image":"","background-repeat":"repeat","background-position":"center center","background-size":"auto","background-attachment":"scroll","background-type":"","background-media":"","overlay-type":"","overlay-color":"","overlay-opacity":"","overlay-gradient":""}},"footnotes":""},"categories":[418],"tags":[],"class_list":["post-29624","post","type-post","status-publish","format-standard","has-post-thumbnail","hentry","category-nouvelles"],"_links":{"self":[{"href":"https:\/\/afsafrica.org\/fr\/wp-json\/wp\/v2\/posts\/29624","targetHints":{"allow":["GET"]}}],"collection":[{"href":"https:\/\/afsafrica.org\/fr\/wp-json\/wp\/v2\/posts"}],"about":[{"href":"https:\/\/afsafrica.org\/fr\/wp-json\/wp\/v2\/types\/post"}],"author":[{"embeddable":true,"href":"https:\/\/afsafrica.org\/fr\/wp-json\/wp\/v2\/users\/2"}],"replies":[{"embeddable":true,"href":"https:\/\/afsafrica.org\/fr\/wp-json\/wp\/v2\/comments?post=29624"}],"version-history":[{"count":2,"href":"https:\/\/afsafrica.org\/fr\/wp-json\/wp\/v2\/posts\/29624\/revisions"}],"predecessor-version":[{"id":29627,"href":"https:\/\/afsafrica.org\/fr\/wp-json\/wp\/v2\/posts\/29624\/revisions\/29627"}],"wp:featuredmedia":[{"embeddable":true,"href":"https:\/\/afsafrica.org\/fr\/wp-json\/wp\/v2\/media\/29625"}],"wp:attachment":[{"href":"https:\/\/afsafrica.org\/fr\/wp-json\/wp\/v2\/media?parent=29624"}],"wp:term":[{"taxonomy":"category","embeddable":true,"href":"https:\/\/afsafrica.org\/fr\/wp-json\/wp\/v2\/categories?post=29624"},{"taxonomy":"post_tag","embeddable":true,"href":"https:\/\/afsafrica.org\/fr\/wp-json\/wp\/v2\/tags?post=29624"}],"curies":[{"name":"wp","href":"https:\/\/api.w.org\/{rel}","templated":true}]}}